{"id":4152,"date":"2015-05-02T10:50:43","date_gmt":"2015-05-02T09:50:43","guid":{"rendered":"https:\/\/www.philippe-pastor.com\/blog\/exposition-universelle-milan-2015-artiste-officiel-2\/"},"modified":"2018-07-24T20:05:24","modified_gmt":"2018-07-24T19:05:24","slug":"exposition-universelle-milan-2015-artiste-officiel-2","status":"publish","type":"post","link":"https:\/\/www.philippe-pastor.com\/fr\/blog\/exposition-universelle-milan-2015-artiste-officiel-2\/","title":{"rendered":"Exposition Universelle Milan 2015 &#8211; Artiste officiel"},"content":{"rendered":"<section class=\"av_textblock_section \"  itemscope=\"itemscope\" itemtype=\"https:\/\/schema.org\/BlogPosting\" itemprop=\"blogPost\" ><div class='avia_textblock  '   itemprop=\"text\" >ngg_shortcode_0_placeholder\n<\/div><\/section>\n<div class=\"flex_column av_one_full  flex_column_div first   \" style='padding:0px 6% 0px 0px ; border-radius:0px; '><section class=\"av_textblock_section \"  itemscope=\"itemscope\" itemtype=\"https:\/\/schema.org\/BlogPosting\" itemprop=\"blogPost\" ><div class='avia_textblock  '   itemprop=\"text\" ><h2 style=\"text-align: justify;\"><strong>Philippe Pastor, Artiste officiel du Pavillon de Monaco \u00e0 l&rsquo;Exposition Universelle de Milan<\/strong><\/h2>\n<p style=\"text-align: justify;\">Le jeudi 27 novembre a eu lieu au Palais Princier, en pr\u00e9sence de <strong>SAS le Prince Souverain<\/strong>, la signature du partenariat entre l&rsquo;artiste plasticien mon\u00e9gasque de Philippe Pastor et le <strong>Pavillon de Monaco \u00e0 l&rsquo;Exposition universelle de Milan<\/strong>.<\/p>\n<p style=\"text-align: justify;\"><strong>\u00ab Les Arbres Br\u00fbl\u00e9s \u00bb<\/strong> de Philippe Pastor feront partie int\u00e9grante des am\u00e9nagements ext\u00e9rieurs du Pavillon de Monaco, tout au long de l&rsquo;Exposition de Milan qui se tiendra du 1er mai au 31 octobre 2015.<\/p>\n<p style=\"text-align: justify;\">Le th\u00e8me de l&rsquo;Exposition &#8211; \u00ab <strong>Nourrir la plan\u00e8te : \u00e9nergie pour la vie<\/strong> \u00bb &#8211; est fortement li\u00e9 aux questions de d\u00e9veloppement durable et de pr\u00e9servation de l&rsquo;environnement qui constituent l&rsquo;une des pr\u00e9occupations majeures et un axe de travail essentiel de Philippe Pastor.<\/p>\n<\/div><\/section><\/div><div class=\"flex_column av_one_full  flex_column_div av-zero-column-padding first  \" style='border-radius:0px; '><section class=\"av_textblock_section \"  itemscope=\"itemscope\" itemtype=\"https:\/\/schema.org\/BlogPosting\" itemprop=\"blogPost\" ><div class='avia_textblock  '   itemprop=\"text\" >ngg_shortcode_1_placeholder\n<\/div><\/section><\/div><\/p>\n<div  class='avia-video avia-video-16-9   '  itemprop=\"video\" itemtype=\"https:\/\/schema.org\/VideoObject\" ><div class='avia-iframe-wrap'><iframe loading=\"lazy\" src=\"https:\/\/player.vimeo.com\/video\/130767140?app_id=122963\" width=\"1280\" height=\"546\" frameborder=\"0\" title=\"Philippe Pastor @ EXPO Milano 2015 - Journ&eacute;e Nationale de Monaco #MonacoDay\" webkitallowfullscreen mozallowfullscreen allowfullscreen><\/iframe><\/div><\/div>\n<section class=\"av_textblock_section \"  itemscope=\"itemscope\" itemtype=\"https:\/\/schema.org\/BlogPosting\" itemprop=\"blogPost\" ><div class='avia_textblock  '   itemprop=\"text\" ><p style=\"text-align: center;\"><strong>Video de la Journ\u00e9e Nationale de Monaco (2min32)&nbsp;<\/strong>Milan<\/p>\n<\/div><\/section>\n<div  class='avia-video avia-video-16-9   '  itemprop=\"video\" itemtype=\"https:\/\/schema.org\/VideoObject\" ><div class='avia-iframe-wrap'><iframe loading=\"lazy\" width=\"1500\" height=\"844\" src=\"https:\/\/www.youtube.com\/embed\/QOI5Nimjxzk?feature=oembed\" frameborder=\"0\" allow=\"autoplay; encrypted-media\" allowfullscreen><\/iframe><\/div><\/div>\n<section class=\"av_textblock_section \"  itemscope=\"itemscope\" itemtype=\"https:\/\/schema.org\/BlogPosting\" itemprop=\"blogPost\" ><div class='avia_textblock  '   itemprop=\"text\" ><p style=\"text-align: center;\"><strong>Video de la signature du partenariat (1min48)<br \/>\n<\/strong>Palais Princier de Monaco<\/p>\n<\/div><\/section>\n<div  class='avia-video avia-video-16-9   '  itemprop=\"video\" itemtype=\"https:\/\/schema.org\/VideoObject\" ><div class='avia-iframe-wrap'><iframe loading=\"lazy\" src=\"https:\/\/player.vimeo.com\/video\/116842749?app_id=122963\" width=\"960\" height=\"720\" frameborder=\"0\" title=\"Monaco Pavilion model&#039;s construction for EXPO Milano 2015\" webkitallowfullscreen mozallowfullscreen allowfullscreen><\/iframe><\/div><\/div>\n<section class=\"av_textblock_section \"  itemscope=\"itemscope\" itemtype=\"https:\/\/schema.org\/BlogPosting\" itemprop=\"blogPost\" ><div class='avia_textblock  '   itemprop=\"text\" ><p style=\"text-align: center;\"><span style=\"font-family: Helvetica, sans-serif;\"><strong>Vid\u00e9o de la construction de la maquette (3min30)<\/strong><br \/>\n<\/span>Architecte: Enrico Pollini<br \/>\nMaquettiste: Tina Alloncle<\/p>\n<\/div><\/section>\n<div style='height:20px' class='hr hr-invisible   '><span class='hr-inner ' ><span class='hr-inner-style'><\/span><\/span><\/div>\n<div style='height:5px' class='hr hr-invisible   '><span class='hr-inner ' ><span class='hr-inner-style'><\/span><\/span><\/div>\n<div class=\"flex_column av_one_full  flex_column_div av-zero-column-padding first  \" style='border-radius:0px; '><\/div>\n","protected":false},"excerpt":{"rendered":"","protected":false},"author":6,"featured_media":7814,"comment_status":"closed","ping_status":"closed","sticky":false,"template":"","format":"standard","meta":{"ngg_post_thumbnail":0,"footnotes":""},"categories":[435,366],"tags":[],"class_list":["post-4152","post","type-post","status-publish","format-standard","has-post-thumbnail","hentry","category-actualites","category-arbres-brules"],"_links":{"self":[{"href":"https:\/\/www.philippe-pastor.com\/fr\/wp-json\/wp\/v2\/posts\/4152","targetHints":{"allow":["GET"]}}],"collection":[{"href":"https:\/\/www.philippe-pastor.com\/fr\/wp-json\/wp\/v2\/posts"}],"about":[{"href":"https:\/\/www.philippe-pastor.com\/fr\/wp-json\/wp\/v2\/types\/post"}],"author":[{"embeddable":true,"href":"https:\/\/www.philippe-pastor.com\/fr\/wp-json\/wp\/v2\/users\/6"}],"replies":[{"embeddable":true,"href":"https:\/\/www.philippe-pastor.com\/fr\/wp-json\/wp\/v2\/comments?post=4152"}],"version-history":[{"count":0,"href":"https:\/\/www.philippe-pastor.com\/fr\/wp-json\/wp\/v2\/posts\/4152\/revisions"}],"wp:featuredmedia":[{"embeddable":true,"href":"https:\/\/www.philippe-pastor.com\/fr\/wp-json\/wp\/v2\/media\/7814"}],"wp:attachment":[{"href":"https:\/\/www.philippe-pastor.com\/fr\/wp-json\/wp\/v2\/media?parent=4152"}],"wp:term":[{"taxonomy":"category","embeddable":true,"href":"https:\/\/www.philippe-pastor.com\/fr\/wp-json\/wp\/v2\/categories?post=4152"},{"taxonomy":"post_tag","embeddable":true,"href":"https:\/\/www.philippe-pastor.com\/fr\/wp-json\/wp\/v2\/tags?post=4152"}],"curies":[{"name":"wp","href":"https:\/\/api.w.org\/{rel}","templated":true}]}}