{"id":3942,"date":"2014-10-21T14:07:58","date_gmt":"2014-10-21T13:07:58","guid":{"rendered":"https:\/\/www.philippe-pastor.com\/blog\/les-arbres-brules-a-paris-gare-du-nord\/"},"modified":"2018-11-15T13:15:30","modified_gmt":"2018-11-15T12:15:30","slug":"les-arbres-brules-a-paris-gare-du-nord","status":"publish","type":"post","link":"https:\/\/www.philippe-pastor.com\/fr\/blog\/les-arbres-brules-a-paris-gare-du-nord\/","title":{"rendered":"\u00ab Les Arbres Br\u00fbl\u00e9s \u00bb \/ Paris Gare du Nord"},"content":{"rendered":"<div class=\"flex_column av_one_full  flex_column_div first   \" style='padding:0px 6% 0px 0px ; border-radius:0px; '><section class=\"av_textblock_section \"  itemscope=\"itemscope\" itemtype=\"https:\/\/schema.org\/BlogPosting\" itemprop=\"blogPost\" ><div class='avia_textblock  '   itemprop=\"text\" >ngg_shortcode_0_placeholder\n<\/div><\/section><\/div>\n<div class=\"flex_column av_one_full  flex_column_div av-zero-column-padding first  newscss2 \" style='border-radius:0px; '><section class=\"av_textblock_section \"  itemscope=\"itemscope\" itemtype=\"https:\/\/schema.org\/BlogPosting\" itemprop=\"blogPost\" ><div class='avia_textblock  '   itemprop=\"text\" ><h2>Philippe Pastor, \u00ab&nbsp;Les Arbres Br\u00fbl\u00e9s&nbsp;\u00bb<br \/>\nParis&nbsp;Gare du Nord<\/h2>\n<p><em>Octobre &#8211; novembre 2014<\/em><\/p>\n<p>\u00c0 l\u2019occasion du 20\u00e8me anniversaire de la \u00ab Convention de lutte contre la d\u00e9sertification \u00bb, Gares &amp; Connexions (SNCF) en partenariat avec la <strong><a href=\"http:\/\/www.fondation-nature-homme.org\" target=\"_blank\" rel=\"noopener\">Fondation Nicolas Hulot<\/a> <\/strong>(FNH) et l\u2019<strong>Association Art et Environnement<\/strong>, expose du 22 octobre au 25 novembre en gare de Paris-Nord, des sculptures des \u00ab\u00a0Arbres Br\u00fbl\u00e9s\u00a0\u00bb de l\u2019artiste Philippe Pastor.<\/p>\n<\/div><\/section><\/div><div class=\"flex_column av_four_fifth  flex_column_div av-zero-column-padding first  \" style='border-radius:0px; '><section class=\"av_textblock_section \"  itemscope=\"itemscope\" itemtype=\"https:\/\/schema.org\/BlogPosting\" itemprop=\"blogPost\" ><div class='avia_textblock  '   itemprop=\"text\" >ngg_shortcode_1_placeholder\n<\/div><\/section><\/div><\/p>\n<div class=\"flex_column av_one_full  flex_column_div av-zero-column-padding first  \" style='border-radius:0px; '><section class=\"av_textblock_section \"  itemscope=\"itemscope\" itemtype=\"https:\/\/schema.org\/BlogPosting\" itemprop=\"blogPost\" ><div class='avia_textblock  '   itemprop=\"text\" ><p>Le mardi 25 novembre 2014, \u00e0 l\u2019occasion de la fin de l\u2019exposition, Philippe Pastor a remis \u00e0 <strong>Nicolas Hulot<\/strong>, pr\u00e9sident de la FNH, <strong>R\u00e9mi F\u00e9raud<\/strong>, maire du 10\u00e8me arrondissement de Paris, <strong>P\u00e9n\u00e9lope Komit\u00e8s<\/strong>, adjointe \u00e0 la maire de Paris, en charge des Espaces verts de la Nature et de la biodiversit\u00e9 et \u00e0 <strong>Patrick Ropert<\/strong>, Directeur de Gares &amp; Connexions, un arbre symbole de son engagement de planter 10 000 arbres en 2015 \u00e0 Madagascar.<\/p>\n<\/div><\/section><\/div>\n<section class=\"av_textblock_section \"  itemscope=\"itemscope\" itemtype=\"https:\/\/schema.org\/BlogPosting\" itemprop=\"blogPost\" ><div class='avia_textblock  '   itemprop=\"text\" >ngg_shortcode_2_placeholder\n<\/div><\/section>\n<div style='height:20px' class='hr hr-invisible   '><span class='hr-inner ' ><span class='hr-inner-style'><\/span><\/span><\/div>\n<div class=\"flex_column av_four_fifth  flex_column_div first   \" style='padding:0px 0px 0px 5px ; border-radius:0px; '><p><div  class='avia-video avia-video-16-9   '  itemprop=\"video\" itemtype=\"https:\/\/schema.org\/VideoObject\" ><div class='avia-iframe-wrap'><iframe loading=\"lazy\" src=\"https:\/\/player.vimeo.com\/video\/113001020?app_id=122963\" width=\"1280\" height=\"720\" frameborder=\"0\" title=\"Philippe Pastor - Les Arbres Br&ucirc;l&eacute;s \/ The Burned Trees - Paris Gare du Nord\" webkitallowfullscreen mozallowfullscreen allowfullscreen><\/iframe><\/div><\/div><br \/>\n<div style='height:5px' class='hr hr-invisible   '><span class='hr-inner ' ><span class='hr-inner-style'><\/span><\/span><\/div><\/p><\/div>\n","protected":false},"excerpt":{"rendered":"","protected":false},"author":6,"featured_media":7798,"comment_status":"closed","ping_status":"closed","sticky":false,"template":"","format":"standard","meta":{"ngg_post_thumbnail":0,"footnotes":""},"categories":[435,366,351],"tags":[],"class_list":["post-3942","post","type-post","status-publish","format-standard","has-post-thumbnail","hentry","category-actualites","category-arbres-brules","category-exposition"],"_links":{"self":[{"href":"https:\/\/www.philippe-pastor.com\/fr\/wp-json\/wp\/v2\/posts\/3942","targetHints":{"allow":["GET"]}}],"collection":[{"href":"https:\/\/www.philippe-pastor.com\/fr\/wp-json\/wp\/v2\/posts"}],"about":[{"href":"https:\/\/www.philippe-pastor.com\/fr\/wp-json\/wp\/v2\/types\/post"}],"author":[{"embeddable":true,"href":"https:\/\/www.philippe-pastor.com\/fr\/wp-json\/wp\/v2\/users\/6"}],"replies":[{"embeddable":true,"href":"https:\/\/www.philippe-pastor.com\/fr\/wp-json\/wp\/v2\/comments?post=3942"}],"version-history":[{"count":0,"href":"https:\/\/www.philippe-pastor.com\/fr\/wp-json\/wp\/v2\/posts\/3942\/revisions"}],"wp:featuredmedia":[{"embeddable":true,"href":"https:\/\/www.philippe-pastor.com\/fr\/wp-json\/wp\/v2\/media\/7798"}],"wp:attachment":[{"href":"https:\/\/www.philippe-pastor.com\/fr\/wp-json\/wp\/v2\/media?parent=3942"}],"wp:term":[{"taxonomy":"category","embeddable":true,"href":"https:\/\/www.philippe-pastor.com\/fr\/wp-json\/wp\/v2\/categories?post=3942"},{"taxonomy":"post_tag","embeddable":true,"href":"https:\/\/www.philippe-pastor.com\/fr\/wp-json\/wp\/v2\/tags?post=3942"}],"curies":[{"name":"wp","href":"https:\/\/api.w.org\/{rel}","templated":true}]}}