{"id":11521,"date":"2019-10-02T13:41:39","date_gmt":"2019-10-02T12:41:39","guid":{"rendered":"https:\/\/www.philippe-pastor.com\/?p=11521"},"modified":"2019-10-07T11:49:38","modified_gmt":"2019-10-07T10:49:38","slug":"les-arbres-brules-ville-de-nice","status":"publish","type":"post","link":"https:\/\/www.philippe-pastor.com\/fr\/blog\/les-arbres-brules-ville-de-nice\/","title":{"rendered":"\u00ab Les Arbres Br\u00fbl\u00e9s \u00bb \/ Ville de Nice"},"content":{"rendered":"<div class=\"flex_column av_two_fifth  flex_column_div av-zero-column-padding first  \" style='border-radius:0px; '><p><section class=\"av_textblock_section \"  itemscope=\"itemscope\" itemtype=\"https:\/\/schema.org\/BlogPosting\" itemprop=\"blogPost\" ><div class='avia_textblock  '   itemprop=\"text\" ><p><img loading=\"lazy\" decoding=\"async\" class=\"alignnone wp-image-11522 size-full\" src=\"https:\/\/www.philippe-pastor.com\/wp-content\/uploads\/2019\/10\/PASTOR_NICE.jpg\" alt=\"\" width=\"2480\" height=\"2480\" srcset=\"https:\/\/www.philippe-pastor.com\/wp-content\/uploads\/2019\/10\/PASTOR_NICE.jpg 2480w, https:\/\/www.philippe-pastor.com\/wp-content\/uploads\/2019\/10\/PASTOR_NICE-80x80.jpg 80w, https:\/\/www.philippe-pastor.com\/wp-content\/uploads\/2019\/10\/PASTOR_NICE-300x300.jpg 300w, https:\/\/www.philippe-pastor.com\/wp-content\/uploads\/2019\/10\/PASTOR_NICE-768x768.jpg 768w, https:\/\/www.philippe-pastor.com\/wp-content\/uploads\/2019\/10\/PASTOR_NICE-1030x1030.jpg 1030w, https:\/\/www.philippe-pastor.com\/wp-content\/uploads\/2019\/10\/PASTOR_NICE-36x36.jpg 36w, https:\/\/www.philippe-pastor.com\/wp-content\/uploads\/2019\/10\/PASTOR_NICE-180x180.jpg 180w, https:\/\/www.philippe-pastor.com\/wp-content\/uploads\/2019\/10\/PASTOR_NICE-1500x1500.jpg 1500w, https:\/\/www.philippe-pastor.com\/wp-content\/uploads\/2019\/10\/PASTOR_NICE-705x705.jpg 705w, https:\/\/www.philippe-pastor.com\/wp-content\/uploads\/2019\/10\/PASTOR_NICE-120x120.jpg 120w, https:\/\/www.philippe-pastor.com\/wp-content\/uploads\/2019\/10\/PASTOR_NICE-450x450.jpg 450w\" sizes=\"auto, (max-width: 2480px) 100vw, 2480px\" \/><\/p>\n<\/div><\/section><br \/>\n<section class=\"av_textblock_section \"  itemscope=\"itemscope\" itemtype=\"https:\/\/schema.org\/BlogPosting\" itemprop=\"blogPost\" ><div class='avia_textblock  '   itemprop=\"text\" ><p><a href=\"https:\/\/www.dropbox.com\/s\/15pec8pprc4rbvc\/19.10.DOSSIER%20PRESSE%20PASTOR%20-%20SOSNO%20NICE.pdf?dl=0\" target=\"_blank\" rel=\"noopener\">TELECHARGER LE DOSSIER DE PRESSE<\/a><\/p>\n<\/div><\/section><\/p><\/div>\n<div class=\"flex_column av_three_fifth  flex_column_div av-zero-column-padding   newscss \" style='border-radius:0px; '><p><div style='height:5px' class='hr hr-invisible   '><span class='hr-inner ' ><span class='hr-inner-style'><\/span><\/span><\/div><br \/>\n<section class=\"av_textblock_section \"  itemscope=\"itemscope\" itemtype=\"https:\/\/schema.org\/BlogPosting\" itemprop=\"blogPost\" ><div class='avia_textblock  '   itemprop=\"text\" ><h2>\u00ab&nbsp;Les Arbres Br\u00fbl\u00e9s&nbsp;\u00bb \/ Ville de Nice<\/h2>\n<p><em>2019-2020<\/em><\/p>\n<p>Jardin Sacha Sosno<br \/>\n7 Tunnel Andr\u00e9 Liautaud<br \/>\n06000 Nice<\/p>\n<p>La ville de Nice pr\u00e9sente pour la rentr\u00e9e 2019 une exposition in\u00e9dite des sculptures \u201cLes Arbres Br\u00fbl\u00e9s\u201d de Philippe Pastor, au sein du Jardin Sacha SOSNO, dans le prolongement du MAMAC.<\/p>\n<p>Pr\u00e9fecture d\u2019un d\u00e9partement particuli\u00e8rement affect\u00e9 par les feux de for\u00eats, la ville acceuille un ensemble de 15 sculptures. En r\u00e9f\u00e9rence \u00e0 la m\u00e9tropole m\u00e9diterran\u00e9enne, l\u2019artiste pr\u00e9sente une version avec plaques \u00e9maill\u00e9es, dans un cama\u00efeu de bleu et gris. Le bleu, couleur de pr\u00e9dilection de l\u2019artiste, rappelle ici la pr\u00e9sence de la mer et le reflet du ciel azur.<\/p>\n<p style=\"text-align: right;\"><em>Une oeuvre monumentale, saisissante et engag\u00e9e.<\/em><\/p>\n<p>Un projet soutenu par la galerie <a href=\"https:\/\/www.monacomodernart.mc\" target=\"_blank\" rel=\"noopener\">Monaco Modern\u2019Art<\/a> et l\u2019Association <a href=\"https:\/\/www.aeamonaco.org\" target=\"_blank\" rel=\"noopener\">Art &amp; Environnement<\/a><\/p>\n<p><span style=\"color: #000000; font-family: -apple-system-font; font-size: 12px; font-variant-ligatures: normal; font-variant-east-asian: normal; font-variant-position: normal; line-height: 16px;\">&nbsp;<\/span><\/p>\n<\/div><\/section><br \/>\n<div style='height:5px' class='hr hr-invisible   '><span class='hr-inner ' ><span class='hr-inner-style'><\/span><\/span><\/div><\/p><\/div>\n<div style='height:20px' class='hr hr-invisible   '><span class='hr-inner ' ><span class='hr-inner-style'><\/span><\/span><\/div>\n<div class=\"flex_column av_one_full  flex_column_div av-zero-column-padding first  \" style='border-radius:0px; '><section class=\"av_textblock_section \"  itemscope=\"itemscope\" itemtype=\"https:\/\/schema.org\/BlogPosting\" itemprop=\"blogPost\" ><div class='avia_textblock  '   itemprop=\"text\" ><p>&nbsp;<\/p>\nngg_shortcode_0_placeholder\n<p>&nbsp;<\/p>\n<\/div><\/section><\/div><div style='height:5px' class='hr hr-invisible   '><span class='hr-inner ' ><span class='hr-inner-style'><\/span><\/span><\/div><\/p>\n","protected":false},"excerpt":{"rendered":"","protected":false},"author":6,"featured_media":11522,"comment_status":"closed","ping_status":"closed","sticky":false,"template":"","format":"standard","meta":{"ngg_post_thumbnail":0,"footnotes":""},"categories":[435,366],"tags":[],"class_list":["post-11521","post","type-post","status-publish","format-standard","has-post-thumbnail","hentry","category-actualites","category-arbres-brules"],"_links":{"self":[{"href":"https:\/\/www.philippe-pastor.com\/fr\/wp-json\/wp\/v2\/posts\/11521","targetHints":{"allow":["GET"]}}],"collection":[{"href":"https:\/\/www.philippe-pastor.com\/fr\/wp-json\/wp\/v2\/posts"}],"about":[{"href":"https:\/\/www.philippe-pastor.com\/fr\/wp-json\/wp\/v2\/types\/post"}],"author":[{"embeddable":true,"href":"https:\/\/www.philippe-pastor.com\/fr\/wp-json\/wp\/v2\/users\/6"}],"replies":[{"embeddable":true,"href":"https:\/\/www.philippe-pastor.com\/fr\/wp-json\/wp\/v2\/comments?post=11521"}],"version-history":[{"count":0,"href":"https:\/\/www.philippe-pastor.com\/fr\/wp-json\/wp\/v2\/posts\/11521\/revisions"}],"wp:featuredmedia":[{"embeddable":true,"href":"https:\/\/www.philippe-pastor.com\/fr\/wp-json\/wp\/v2\/media\/11522"}],"wp:attachment":[{"href":"https:\/\/www.philippe-pastor.com\/fr\/wp-json\/wp\/v2\/media?parent=11521"}],"wp:term":[{"taxonomy":"category","embeddable":true,"href":"https:\/\/www.philippe-pastor.com\/fr\/wp-json\/wp\/v2\/categories?post=11521"},{"taxonomy":"post_tag","embeddable":true,"href":"https:\/\/www.philippe-pastor.com\/fr\/wp-json\/wp\/v2\/tags?post=11521"}],"curies":[{"name":"wp","href":"https:\/\/api.w.org\/{rel}","templated":true}]}}