{"id":10702,"date":"2018-11-22T12:07:32","date_gmt":"2018-11-22T11:07:32","guid":{"rendered":"https:\/\/www.philippe-pastor.com\/blog\/exhibition-de-jonckheere-monaco\/"},"modified":"2018-11-22T18:21:56","modified_gmt":"2018-11-22T17:21:56","slug":"exhibition-de-jonckheere-monaco","status":"publish","type":"post","link":"https:\/\/www.philippe-pastor.com\/fr\/blog\/exhibition-de-jonckheere-monaco\/","title":{"rendered":"Exposition \/ De Jonckheere Monaco"},"content":{"rendered":"<div class=\"flex_column av_two_fifth  flex_column_div av-zero-column-padding first  \" style='border-radius:0px; '><section class=\"av_textblock_section \"  itemscope=\"itemscope\" itemtype=\"https:\/\/schema.org\/BlogPosting\" itemprop=\"blogPost\" ><div class='avia_textblock  '   itemprop=\"text\" ><p><img loading=\"lazy\" decoding=\"async\" class=\"alignnone wp-image-10697 size-full\" src=\"https:\/\/www.philippe-pastor.com\/wp-content\/uploads\/2018\/11\/RENCONTRE-DE-MAITRES.jpg\" alt=\"\" width=\"792\" height=\"792\" srcset=\"https:\/\/www.philippe-pastor.com\/wp-content\/uploads\/2018\/11\/RENCONTRE-DE-MAITRES.jpg 792w, https:\/\/www.philippe-pastor.com\/wp-content\/uploads\/2018\/11\/RENCONTRE-DE-MAITRES-80x80.jpg 80w, https:\/\/www.philippe-pastor.com\/wp-content\/uploads\/2018\/11\/RENCONTRE-DE-MAITRES-300x300.jpg 300w, https:\/\/www.philippe-pastor.com\/wp-content\/uploads\/2018\/11\/RENCONTRE-DE-MAITRES-768x768.jpg 768w, https:\/\/www.philippe-pastor.com\/wp-content\/uploads\/2018\/11\/RENCONTRE-DE-MAITRES-36x36.jpg 36w, https:\/\/www.philippe-pastor.com\/wp-content\/uploads\/2018\/11\/RENCONTRE-DE-MAITRES-180x180.jpg 180w, https:\/\/www.philippe-pastor.com\/wp-content\/uploads\/2018\/11\/RENCONTRE-DE-MAITRES-705x705.jpg 705w, https:\/\/www.philippe-pastor.com\/wp-content\/uploads\/2018\/11\/RENCONTRE-DE-MAITRES-120x120.jpg 120w, https:\/\/www.philippe-pastor.com\/wp-content\/uploads\/2018\/11\/RENCONTRE-DE-MAITRES-450x450.jpg 450w\" sizes=\"auto, (max-width: 792px) 100vw, 792px\" \/><\/p>\n<\/div><\/section><\/div>\n<div class=\"flex_column av_three_fifth  flex_column_div av-zero-column-padding   newscss \" style='border-radius:0px; '><p><div style='height:5px' class='hr hr-invisible   '><span class='hr-inner ' ><span class='hr-inner-style'><\/span><\/span><\/div><br \/>\n<section class=\"av_textblock_section \"  itemscope=\"itemscope\" itemtype=\"https:\/\/schema.org\/BlogPosting\" itemprop=\"blogPost\" ><div class='avia_textblock  '   itemprop=\"text\" ><h2>\u00ab &nbsp;Rencontre de Ma\u00eetres&nbsp;\u00bb&nbsp;<\/h2>\n<div><em>Du 22 novembre 2018 au 4 janvier 2019<\/em><\/div>\n<p>De Jonckheere Gallery<br \/>\n27 Avenue Princesse Grace<br \/>\n98000 Monaco<\/p>\n<p><a href=\"http:\/\/dejonckheere-gallery.com\/actualite\/anciens-vs-modernes-cest-a-monaco\/\" target=\"_blank\" rel=\"noopener\">www.dejonckheere-gallery.com<\/a><\/p>\n<p>Exposition collective pr\u00e9sentant un dialogue entre tableaux flamands des XVIe et XVIIe si\u00e8cles et oeuvres modernes.<\/p>\n<div>Se trouvent au coeur de cette s\u00e9lection les sc\u00e8nes de f\u00eates de Pieter Brueghel le Jeune, parmi elles une oeuvre importante r\u00e9alis\u00e9e apr\u00e8s 1626, comme en atteste la signature <em>P.BREVGHEL<\/em>. Cette oeuvre est une belle synth\u00e8se des motifs breugh\u00e9liens les plus typiques comme la danse, la rixe, le joueur de cornemuse, et les maisonnettes braban\u00e7onnes. S\u2019ajoutent les vues de la Venise radieuse de Giuseppe Bernardino Bison, les boutons color\u00e9s des fleurs de Jan van Kessel et le cycle des Quatre Saisons d\u2019Abraham Janssens. C\u00f4t\u00e9 moderne, Lucio Fontana r\u00e8gne avec ses <em>Concetti Spaziali<\/em>, tandis que Ren\u00e9 Magritte \u00e9merveille par sa po\u00e9sie. Un imposant disque de bronze de Pomodoro c\u00f4toie une composition sensible de Schifano. Autour d\u2019eux, des oeuvres de Philippe Pastor, mues par la couleur et leur nature engag\u00e9e.<\/div>\n<div>&nbsp;<\/div>\n<div>\n<div>Artistes pr\u00e9sent\u00e9s:<\/div>\n<div>\n<div>Pieter Brueghel le Jeune &#8211; Jan Brueghel le Jeune &#8211; Adam van Breen &#8211; Abel Grimmer &#8211; Abraham Janssens &#8211; Jan van Kessel<\/div>\n<div>&nbsp;<\/div>\n<div>Alexander Calder &#8211; Enrico Castellani &#8211; Lucio Fontana &#8211; Yves Klein &#8211; Ren\u00e9 Magritte &#8211; Philippe Pastor &#8211; Arnaldo Pomodoro &#8211; Mario Schifano<\/div>\n<\/div>\n<\/div>\n<div>&nbsp;<\/div>\n<\/div><\/section><br \/>\n<div style='height:5px' class='hr hr-invisible   '><span class='hr-inner ' ><span class='hr-inner-style'><\/span><\/span><\/div><\/p><\/div>\n","protected":false},"excerpt":{"rendered":"","protected":false},"author":6,"featured_media":10698,"comment_status":"closed","ping_status":"closed","sticky":false,"template":"","format":"standard","meta":{"ngg_post_thumbnail":0,"footnotes":""},"categories":[435,351],"tags":[],"class_list":["post-10702","post","type-post","status-publish","format-standard","has-post-thumbnail","hentry","category-actualites","category-exposition"],"_links":{"self":[{"href":"https:\/\/www.philippe-pastor.com\/fr\/wp-json\/wp\/v2\/posts\/10702","targetHints":{"allow":["GET"]}}],"collection":[{"href":"https:\/\/www.philippe-pastor.com\/fr\/wp-json\/wp\/v2\/posts"}],"about":[{"href":"https:\/\/www.philippe-pastor.com\/fr\/wp-json\/wp\/v2\/types\/post"}],"author":[{"embeddable":true,"href":"https:\/\/www.philippe-pastor.com\/fr\/wp-json\/wp\/v2\/users\/6"}],"replies":[{"embeddable":true,"href":"https:\/\/www.philippe-pastor.com\/fr\/wp-json\/wp\/v2\/comments?post=10702"}],"version-history":[{"count":0,"href":"https:\/\/www.philippe-pastor.com\/fr\/wp-json\/wp\/v2\/posts\/10702\/revisions"}],"wp:featuredmedia":[{"embeddable":true,"href":"https:\/\/www.philippe-pastor.com\/fr\/wp-json\/wp\/v2\/media\/10698"}],"wp:attachment":[{"href":"https:\/\/www.philippe-pastor.com\/fr\/wp-json\/wp\/v2\/media?parent=10702"}],"wp:term":[{"taxonomy":"category","embeddable":true,"href":"https:\/\/www.philippe-pastor.com\/fr\/wp-json\/wp\/v2\/categories?post=10702"},{"taxonomy":"post_tag","embeddable":true,"href":"https:\/\/www.philippe-pastor.com\/fr\/wp-json\/wp\/v2\/tags?post=10702"}],"curies":[{"name":"wp","href":"https:\/\/api.w.org\/{rel}","templated":true}]}}