{"id":9697,"date":"2018-07-17T13:17:03","date_gmt":"2018-07-17T12:17:03","guid":{"rendered":"https:\/\/www.philippe-pastor.com\/blog\/the-burned-trees-chateau-des-marres-2-2\/"},"modified":"2018-11-15T12:18:32","modified_gmt":"2018-11-15T11:18:32","slug":"the-burned-trees-chateau-des-marres-2-2","status":"publish","type":"post","link":"https:\/\/www.philippe-pastor.com\/es\/blog\/the-burned-trees-chateau-des-marres-2-2\/","title":{"rendered":"\u00ab Los Arboles Quemados \u00bb \/ Ch\u00e2teau des Marres"},"content":{"rendered":"<div class=\"flex_column av_two_fifth  flex_column_div av-zero-column-padding first  \" style='border-radius:0px; '><section class=\"av_textblock_section \"  itemscope=\"itemscope\" itemtype=\"https:\/\/schema.org\/BlogPosting\" itemprop=\"blogPost\" ><div class='avia_textblock  '   itemprop=\"text\" ><p><img loading=\"lazy\" decoding=\"async\" class=\"alignnone wp-image-9680 size-large\" src=\"https:\/\/www.philippe-pastor.com\/wp-content\/uploads\/2018\/07\/Photo-12-07-2018-14-33-00-3.jpg\" alt=\"\" width=\"1030\" height=\"781\" srcset=\"https:\/\/www.philippe-pastor.com\/wp-content\/uploads\/2018\/07\/Photo-12-07-2018-14-33-00-3.jpg 1149w, https:\/\/www.philippe-pastor.com\/wp-content\/uploads\/2018\/07\/Photo-12-07-2018-14-33-00-3-300x227.jpg 300w, https:\/\/www.philippe-pastor.com\/wp-content\/uploads\/2018\/07\/Photo-12-07-2018-14-33-00-3-768x582.jpg 768w, https:\/\/www.philippe-pastor.com\/wp-content\/uploads\/2018\/07\/Photo-12-07-2018-14-33-00-3-1030x781.jpg 1030w, https:\/\/www.philippe-pastor.com\/wp-content\/uploads\/2018\/07\/Photo-12-07-2018-14-33-00-3-705x534.jpg 705w, https:\/\/www.philippe-pastor.com\/wp-content\/uploads\/2018\/07\/Photo-12-07-2018-14-33-00-3-450x341.jpg 450w\" sizes=\"auto, (max-width: 1030px) 100vw, 1030px\" \/><\/p>\n<\/div><\/section><\/div>\n<div class=\"flex_column av_three_fifth  flex_column_div av-zero-column-padding   newscss \" style='border-radius:0px; '><p><div style='height:5px' class='hr hr-invisible   '><span class='hr-inner ' ><span class='hr-inner-style'><\/span><\/span><\/div><br \/>\n<section class=\"av_textblock_section \"  itemscope=\"itemscope\" itemtype=\"https:\/\/schema.org\/BlogPosting\" itemprop=\"blogPost\" ><div class='avia_textblock  '   itemprop=\"text\" ><h2>\u00ab Los Arboles Quemados \u00bb \/&nbsp;Ch\u00e2teau des Marres<\/h2>\n<p><em>2018 &#8211; 2019<\/em><\/p>\n<p>Ch\u00e2teau des Marres<br \/>\nRoute des Plages<br \/>\n83 350 Ramatuelles<\/p>\n<p>A continuaci\u00f3n de las esculturas negras de \u00ab&nbsp;Arboles Quemados&#8221;, instaladas en el verano de 2017, Philippe Pastor presenta una nueva versi\u00f3n en color compuesta por placas esmaltadas rojas y amarillas. Situadas al borde de una de las carreteras m\u00e1s transitadas del Golfo de Saint-Tropez, las esculturas requieren la vigilancia del p\u00fablico, centinelas de una regi\u00f3n particularmente afectada por los incendios forestales.<\/p>\n<p><a href=\"https:\/\/www.philippe-pastor.com\/es\/blog\/the-burned-trees-chateau-des-marres-2\/\" target=\"_blank\" rel=\"noopener\">+ INFO&nbsp;<\/a><\/p>\n<\/div><\/section><br \/>\n<div style='height:5px' class='hr hr-invisible   '><span class='hr-inner ' ><span class='hr-inner-style'><\/span><\/span><\/div><\/p><\/div><div style='height:20px' class='hr hr-invisible   '><span class='hr-inner ' ><span class='hr-inner-style'><\/span><\/span><\/div><\/p>\n<div class=\"flex_column av_one_full  flex_column_div av-zero-column-padding first  \" style='border-radius:0px; '><section class=\"av_textblock_section \"  itemscope=\"itemscope\" itemtype=\"https:\/\/schema.org\/BlogPosting\" itemprop=\"blogPost\" ><div class='avia_textblock  '   itemprop=\"text\" >ngg_shortcode_0_placeholder\n<\/div><\/section><\/div>\n<div style='height:5px' class='hr hr-invisible   '><span class='hr-inner ' ><span class='hr-inner-style'><\/span><\/span><\/div>\n","protected":false},"excerpt":{"rendered":"","protected":false},"author":6,"featured_media":9693,"comment_status":"closed","ping_status":"closed","sticky":false,"template":"","format":"standard","meta":{"ngg_post_thumbnail":0,"footnotes":""},"categories":[446,448],"tags":[],"class_list":["post-9697","post","type-post","status-publish","format-standard","has-post-thumbnail","hentry","category-arboles-quemados","category-noticias"],"_links":{"self":[{"href":"https:\/\/www.philippe-pastor.com\/es\/wp-json\/wp\/v2\/posts\/9697","targetHints":{"allow":["GET"]}}],"collection":[{"href":"https:\/\/www.philippe-pastor.com\/es\/wp-json\/wp\/v2\/posts"}],"about":[{"href":"https:\/\/www.philippe-pastor.com\/es\/wp-json\/wp\/v2\/types\/post"}],"author":[{"embeddable":true,"href":"https:\/\/www.philippe-pastor.com\/es\/wp-json\/wp\/v2\/users\/6"}],"replies":[{"embeddable":true,"href":"https:\/\/www.philippe-pastor.com\/es\/wp-json\/wp\/v2\/comments?post=9697"}],"version-history":[{"count":0,"href":"https:\/\/www.philippe-pastor.com\/es\/wp-json\/wp\/v2\/posts\/9697\/revisions"}],"wp:featuredmedia":[{"embeddable":true,"href":"https:\/\/www.philippe-pastor.com\/es\/wp-json\/wp\/v2\/media\/9693"}],"wp:attachment":[{"href":"https:\/\/www.philippe-pastor.com\/es\/wp-json\/wp\/v2\/media?parent=9697"}],"wp:term":[{"taxonomy":"category","embeddable":true,"href":"https:\/\/www.philippe-pastor.com\/es\/wp-json\/wp\/v2\/categories?post=9697"},{"taxonomy":"post_tag","embeddable":true,"href":"https:\/\/www.philippe-pastor.com\/es\/wp-json\/wp\/v2\/tags?post=9697"}],"curies":[{"name":"wp","href":"https:\/\/api.w.org\/{rel}","templated":true}]}}