{"id":4189,"date":"2015-04-24T13:44:18","date_gmt":"2015-04-24T12:44:18","guid":{"rendered":"https:\/\/www.philippe-pastor.com\/blog\/the-anatomized-pavilion-2\/"},"modified":"2018-11-15T13:21:32","modified_gmt":"2018-11-15T12:21:32","slug":"the-anatomized-pavilion-2","status":"publish","type":"post","link":"https:\/\/www.philippe-pastor.com\/es\/blog\/the-anatomized-pavilion-2\/","title":{"rendered":"Exposici\u00f3n \/ \u00ab The Anatomized Pavilion \u00bb"},"content":{"rendered":"<section class=\"av_textblock_section \"  itemscope=\"itemscope\" itemtype=\"https:\/\/schema.org\/BlogPosting\" itemprop=\"blogPost\" ><div class='avia_textblock  '   itemprop=\"text\" >ngg_shortcode_0_placeholder\n<\/div><\/section>\n<section class=\"av_textblock_section \"  itemscope=\"itemscope\" itemtype=\"https:\/\/schema.org\/BlogPosting\" itemprop=\"blogPost\" ><div class='avia_textblock  '   itemprop=\"text\" ><p>Durante los 6 meses del evento, la exposici\u00f3n <b>&#8220;El Pabell\u00f3n Anatomizado&#8221;<\/b> presenta en M\u00f3naco una vitrina exterior del Pabell\u00f3n de M\u00f3naco. Para este proyecto, la agencia italiana SANTI + SANTI ha recreado el espacio del Pabell\u00f3n de M\u00f3naco, incluyendo las esculturas &#8220;\u00c1rboles quemados&#8221; de Philippe Pastor, artista oficial del pabell\u00f3n, y una serie de nuevas pinturas.<\/p>\n<p>La Exposici\u00f3n Universal Expo Mil\u00e1n 2015 tendr\u00e1 lugar en Italia, en Mil\u00e1n, durante 184 d\u00edas, <strong>del 1 de mayo al 31 de octubre de 2015<\/strong>, contando con la participaci\u00f3n de m\u00e1s de 140 pa\u00edses, y esperando m\u00e1s de 20 millones de visitantes en el enorme recinto de un mill\u00f3n de metros cuadrados.<\/p>\n<p>Esta nueva edici\u00f3n se organiza en torno a un tema determinante para la Humanidad: <strong>&#8220;Alimentando el planeta, energ\u00eda para la vida&#8221;<\/strong>.&nbsp; Un evento \u00fanico, que encarna un nuevo concepto de Exposici\u00f3n Universal: tem\u00e1tica, sostenible, tecnol\u00f3gica y centrada en el visitante.<\/p>\n<p>Los &#8221; \u00c1rboles Quemados<b>&nbsp;&#8220;<\/b> de Philippe Pastor se han integrado en la parte exterior del Pabell\u00f3n de M\u00f3naco. S\u00edmbolos t\u00f3tem de la deforestaci\u00f3n, las esculturas se levantan alrededor del Pabell\u00f3n para recordarnos la fragilidad de nuestro medio ambiente y la urgencia de proteger nuestro planeta.<\/p>\nngg_shortcode_1_placeholder\n<\/div><\/section>\n<div class=\"flex_column av_two_fifth  flex_column_div av-zero-column-padding first  \" style='border-radius:0px; '><section class=\"av_textblock_section \"  itemscope=\"itemscope\" itemtype=\"https:\/\/schema.org\/BlogPosting\" itemprop=\"blogPost\" ><div class='avia_textblock  '   itemprop=\"text\" ><p><img loading=\"lazy\" decoding=\"async\" class=\"alignnone wp-image-2867 size-full\" src=\"https:\/\/www.philippe-pastor.com\/wp-content\/uploads\/2015\/04\/TAP_photoChristineCadoni18.jpg\" alt=\"\" width=\"480\" height=\"480\" srcset=\"https:\/\/www.philippe-pastor.com\/wp-content\/uploads\/2015\/04\/TAP_photoChristineCadoni18.jpg 480w, https:\/\/www.philippe-pastor.com\/wp-content\/uploads\/2015\/04\/TAP_photoChristineCadoni18-150x150.jpg 150w, https:\/\/www.philippe-pastor.com\/wp-content\/uploads\/2015\/04\/TAP_photoChristineCadoni18-300x300.jpg 300w\" sizes=\"auto, (max-width: 480px) 100vw, 480px\" \/><\/p>\n<\/div><\/section><\/div>\n<div class=\"flex_column av_three_fifth  flex_column_div av-zero-column-padding   \" style='border-radius:0px; '><p><div style='height:5px' class='hr hr-invisible   '><span class='hr-inner ' ><span class='hr-inner-style'><\/span><\/span><\/div><br \/>\n<section class=\"av_textblock_section \"  itemscope=\"itemscope\" itemtype=\"https:\/\/schema.org\/BlogPosting\" itemprop=\"blogPost\" ><div class='avia_textblock  '   itemprop=\"text\" ><h2>Exposici\u00f3n &#8221; El Pabell\u00f3n Anatomizado &#8221; en la Expo Mil\u00e1n 2015, fuera de la Expo<\/h2>\n<p><em>Del 22 de abril al 31 de octubre de 2015<\/em><\/p>\n<p style=\"text-align: left;\">Monaco Modern&#8217;Art<br \/>\n27 avenue Princesse Grace<br \/>\n98000 M\u00f3naco<br \/>\n377 92 16 71 17<\/p>\n<p style=\"text-align: left;\"><span style=\"text-decoration: underline;\"><strong><a href=\"http:\/\/www.monacomodernart.mc\" target=\"_blank\" rel=\"noopener\">www.monacomodernart.mc<\/a><\/strong><\/span><\/p>\n<p style=\"text-align: center;\"><img class=\"ngg_displayed_gallery mceItem aligncenter\" alt=\"\"><\/p>\n<\/div><\/section><\/p><\/div><div style='height:20px' class='hr hr-invisible   '><span class='hr-inner ' ><span class='hr-inner-style'><\/span><\/span><\/div><\/p>\n<div style='height:5px' class='hr hr-invisible   '><span class='hr-inner ' ><span class='hr-inner-style'><\/span><\/span><\/div>\n<div class=\"flex_column av_one_full  flex_column_div av-zero-column-padding first  \" style='border-radius:0px; '><\/div>\n","protected":false},"excerpt":{"rendered":"","protected":false},"author":6,"featured_media":9434,"comment_status":"closed","ping_status":"closed","sticky":false,"template":"","format":"standard","meta":{"ngg_post_thumbnail":0,"footnotes":""},"categories":[446,448],"tags":[],"class_list":["post-4189","post","type-post","status-publish","format-standard","has-post-thumbnail","hentry","category-arboles-quemados","category-noticias"],"_links":{"self":[{"href":"https:\/\/www.philippe-pastor.com\/es\/wp-json\/wp\/v2\/posts\/4189","targetHints":{"allow":["GET"]}}],"collection":[{"href":"https:\/\/www.philippe-pastor.com\/es\/wp-json\/wp\/v2\/posts"}],"about":[{"href":"https:\/\/www.philippe-pastor.com\/es\/wp-json\/wp\/v2\/types\/post"}],"author":[{"embeddable":true,"href":"https:\/\/www.philippe-pastor.com\/es\/wp-json\/wp\/v2\/users\/6"}],"replies":[{"embeddable":true,"href":"https:\/\/www.philippe-pastor.com\/es\/wp-json\/wp\/v2\/comments?post=4189"}],"version-history":[{"count":0,"href":"https:\/\/www.philippe-pastor.com\/es\/wp-json\/wp\/v2\/posts\/4189\/revisions"}],"wp:featuredmedia":[{"embeddable":true,"href":"https:\/\/www.philippe-pastor.com\/es\/wp-json\/wp\/v2\/media\/9434"}],"wp:attachment":[{"href":"https:\/\/www.philippe-pastor.com\/es\/wp-json\/wp\/v2\/media?parent=4189"}],"wp:term":[{"taxonomy":"category","embeddable":true,"href":"https:\/\/www.philippe-pastor.com\/es\/wp-json\/wp\/v2\/categories?post=4189"},{"taxonomy":"post_tag","embeddable":true,"href":"https:\/\/www.philippe-pastor.com\/es\/wp-json\/wp\/v2\/tags?post=4189"}],"curies":[{"name":"wp","href":"https:\/\/api.w.org\/{rel}","templated":true}]}}