{"id":11950,"date":"2022-08-01T19:30:58","date_gmt":"2022-08-01T18:30:58","guid":{"rendered":"https:\/\/www.philippe-pastor.com\/blog\/the-burned-trees-chateau-des-marres-4\/"},"modified":"2022-08-11T19:43:56","modified_gmt":"2022-08-11T18:43:56","slug":"the-burned-trees-chateau-des-marres-4","status":"publish","type":"post","link":"https:\/\/www.philippe-pastor.com\/es\/blog\/the-burned-trees-chateau-des-marres-4\/","title":{"rendered":"\u201cLos Arboles Quemados\u201d \/ Ch\u00e2teau des Marres"},"content":{"rendered":"<div class=\"flex_column av_two_fifth  flex_column_div av-zero-column-padding first  \" style='border-radius:0px; '><section class=\"av_textblock_section \"  itemscope=\"itemscope\" itemtype=\"https:\/\/schema.org\/BlogPosting\" itemprop=\"blogPost\" ><div class='avia_textblock  '   itemprop=\"text\" ><p><img loading=\"lazy\" decoding=\"async\" class=\"alignnone wp-image-11944 size-medium\" src=\"https:\/\/www.philippe-pastor.com\/wp-content\/uploads\/2022\/08\/22.08.PASTOR_ChateauDesMarres_PhotoEvanBougeau_14_C-300x300.jpg\" alt=\"\" width=\"300\" height=\"300\" srcset=\"https:\/\/www.philippe-pastor.com\/wp-content\/uploads\/2022\/08\/22.08.PASTOR_ChateauDesMarres_PhotoEvanBougeau_14_C-300x300.jpg 300w, https:\/\/www.philippe-pastor.com\/wp-content\/uploads\/2022\/08\/22.08.PASTOR_ChateauDesMarres_PhotoEvanBougeau_14_C-80x80.jpg 80w, https:\/\/www.philippe-pastor.com\/wp-content\/uploads\/2022\/08\/22.08.PASTOR_ChateauDesMarres_PhotoEvanBougeau_14_C-768x768.jpg 768w, https:\/\/www.philippe-pastor.com\/wp-content\/uploads\/2022\/08\/22.08.PASTOR_ChateauDesMarres_PhotoEvanBougeau_14_C-36x36.jpg 36w, https:\/\/www.philippe-pastor.com\/wp-content\/uploads\/2022\/08\/22.08.PASTOR_ChateauDesMarres_PhotoEvanBougeau_14_C-180x180.jpg 180w, https:\/\/www.philippe-pastor.com\/wp-content\/uploads\/2022\/08\/22.08.PASTOR_ChateauDesMarres_PhotoEvanBougeau_14_C-705x705.jpg 705w, https:\/\/www.philippe-pastor.com\/wp-content\/uploads\/2022\/08\/22.08.PASTOR_ChateauDesMarres_PhotoEvanBougeau_14_C-120x120.jpg 120w, https:\/\/www.philippe-pastor.com\/wp-content\/uploads\/2022\/08\/22.08.PASTOR_ChateauDesMarres_PhotoEvanBougeau_14_C-450x450.jpg 450w, https:\/\/www.philippe-pastor.com\/wp-content\/uploads\/2022\/08\/22.08.PASTOR_ChateauDesMarres_PhotoEvanBougeau_14_C.jpg 900w\" sizes=\"auto, (max-width: 300px) 100vw, 300px\" \/><\/p>\n<\/div><\/section><\/div>\n<div class=\"flex_column av_three_fifth  flex_column_div av-zero-column-padding   newscss \" style='border-radius:0px; '><p><div style='height:5px' class='hr hr-invisible   '><span class='hr-inner ' ><span class='hr-inner-style'><\/span><\/span><\/div><br \/>\n<section class=\"av_textblock_section \"  itemscope=\"itemscope\" itemtype=\"https:\/\/schema.org\/BlogPosting\" itemprop=\"blogPost\" ><div class='avia_textblock  '   itemprop=\"text\" ><h2>&#8220;Los Arboles Quemados&#8221; \/ Ch\u00e2teau des Marres<\/h2>\n<p><em>2022<\/em><\/p>\n<p class=\"p1\">Ch\u00e2teau des Marres<br \/>\nRoute des Plages<br \/>\n83 350 Ramatuelles<\/p>\n<p><a href=\"https:\/\/chateaudesmarres.com\/\" target=\"_blank\" rel=\"noopener\">chateaudesmarres.com<\/a><\/p>\n<p>Para la temporada de verano de 2022, Philippe Pastor presenta una nueva instalaci\u00f3n de Los \u00c1rboles Quemados con una escultura que incorpora placas de esmalte de colores.<\/p>\n<p>Colocadas al borde de una de las carreteras m\u00e1s transitadas del Golfo de Saint-Tropez, las esculturas llaman a la vigilancia del p\u00fablico, centinelas de una regi\u00f3n especialmente afectada por los incendios forestales.<\/p>\n<\/div><\/section><br \/>\n<div style='height:5px' class='hr hr-invisible   '><span class='hr-inner ' ><span class='hr-inner-style'><\/span><\/span><\/div><\/p><\/div><div style='height:20px' class='hr hr-invisible   '><span class='hr-inner ' ><span class='hr-inner-style'><\/span><\/span><\/div><\/p>\n<div class=\"flex_column av_one_full  flex_column_div av-zero-column-padding first  \" style='border-radius:0px; '><section class=\"av_textblock_section \"  itemscope=\"itemscope\" itemtype=\"https:\/\/schema.org\/BlogPosting\" itemprop=\"blogPost\" ><div class='avia_textblock  '   itemprop=\"text\" >ngg_shortcode_0_placeholder\n<\/div><\/section><\/div>\n<div style='height:5px' class='hr hr-invisible   '><span class='hr-inner ' ><span class='hr-inner-style'><\/span><\/span><\/div>\n","protected":false},"excerpt":{"rendered":"","protected":false},"author":6,"featured_media":11946,"comment_status":"closed","ping_status":"closed","sticky":false,"template":"","format":"standard","meta":{"ngg_post_thumbnail":0,"footnotes":""},"categories":[446,448],"tags":[],"class_list":["post-11950","post","type-post","status-publish","format-standard","has-post-thumbnail","hentry","category-arboles-quemados","category-noticias"],"_links":{"self":[{"href":"https:\/\/www.philippe-pastor.com\/es\/wp-json\/wp\/v2\/posts\/11950","targetHints":{"allow":["GET"]}}],"collection":[{"href":"https:\/\/www.philippe-pastor.com\/es\/wp-json\/wp\/v2\/posts"}],"about":[{"href":"https:\/\/www.philippe-pastor.com\/es\/wp-json\/wp\/v2\/types\/post"}],"author":[{"embeddable":true,"href":"https:\/\/www.philippe-pastor.com\/es\/wp-json\/wp\/v2\/users\/6"}],"replies":[{"embeddable":true,"href":"https:\/\/www.philippe-pastor.com\/es\/wp-json\/wp\/v2\/comments?post=11950"}],"version-history":[{"count":0,"href":"https:\/\/www.philippe-pastor.com\/es\/wp-json\/wp\/v2\/posts\/11950\/revisions"}],"wp:featuredmedia":[{"embeddable":true,"href":"https:\/\/www.philippe-pastor.com\/es\/wp-json\/wp\/v2\/media\/11946"}],"wp:attachment":[{"href":"https:\/\/www.philippe-pastor.com\/es\/wp-json\/wp\/v2\/media?parent=11950"}],"wp:term":[{"taxonomy":"category","embeddable":true,"href":"https:\/\/www.philippe-pastor.com\/es\/wp-json\/wp\/v2\/categories?post=11950"},{"taxonomy":"post_tag","embeddable":true,"href":"https:\/\/www.philippe-pastor.com\/es\/wp-json\/wp\/v2\/tags?post=11950"}],"curies":[{"name":"wp","href":"https:\/\/api.w.org\/{rel}","templated":true}]}}